{"id":6009,"date":"2025-01-23T22:18:42","date_gmt":"2025-01-23T22:18:42","guid":{"rendered":"https:\/\/zonaoriental.com.co\/?p=6009"},"modified":"2025-01-23T22:18:43","modified_gmt":"2025-01-23T22:18:43","slug":"gobierno-nacional-anuncia-medidas-para-modernizar-el-agro-del-atlantico","status":"publish","type":"post","link":"https:\/\/zonaoriental.com.co\/index.php\/2025\/01\/23\/gobierno-nacional-anuncia-medidas-para-modernizar-el-agro-del-atlantico\/","title":{"rendered":"Gobierno Nacional anuncia medidas para modernizar el agro del Atl\u00e1ntico"},"content":{"rendered":"\n<p><strong>El Gobierno Nacional, a trav\u00e9s de la Agencia de Desarrollo Rural (ADR),\u00a0<\/strong>present\u00f3 un paquete de medidas clave para\u00a0<strong>potenciar el desarrollo rural en el departamento del Atl\u00e1ntico.<\/strong>\u00a0Las iniciativas incluyen el fortalecimiento de la acuicultura, la recuperaci\u00f3n de ci\u00e9nagas, la construcci\u00f3n de pozos, el impulso a proyectos productivos y la modernizaci\u00f3n del comercio rural.<\/p>\n\n\n\n<p><strong>M\u00e1s de 3.000 campesinos se reunieron esta semana con el presidente de la ADR, C\u00e9sar Pach\u00f3n Achury,&nbsp;<\/strong>para acordar estrategias que garanticen un desarrollo agropecuario sostenible. Pach\u00f3n destac\u00f3 el compromiso del Gobierno con la soberan\u00eda alimentaria y se\u00f1al\u00f3 que se eliminar\u00e1n intermediarios para que los campesinos accedan directamente al mercado y la agroindustria.<\/p>\n\n\n\n<p>\u201c<em>Nuestro desaf\u00edo es fortalecer la autonom\u00eda de los campesinos, eliminar intermediarios y acercar sus procesos a la agroindustria. Esto permitir\u00e1 competir con grandes organizaciones sin sacrificar las ganancias del campesinado y sin depender de alimentos importados\u201d,&nbsp;<\/em>asegur\u00f3 Pach\u00f3n.<\/p>\n\n\n\n<p>Durante los di\u00e1logos,\u00a0<strong>Noira P\u00e9rez, lideresa ind\u00edgena, destac\u00f3 la importancia del respaldo gubernamental<\/strong>. \u201c<em>Hoy se est\u00e1 dando la oportunidad a los pueblos ind\u00edgenas, campesinos y afros para presentar sus proyectos y recibir el apoyo del Gobierno nacional y la ADR<\/em>\u201d, afirm\u00f3.<\/p>\n\n\n\n<h4>Comercio rural y sostenibilidad<\/h4>\n\n\n\n<p>Entre las acciones inmediatas, se anunci\u00f3 la&nbsp;<strong>adecuaci\u00f3n de plazas de mercado<\/strong>&nbsp;para permitir la comercializaci\u00f3n directa de productos agr\u00edcolas, as\u00ed como la implementaci\u00f3n de sistemas de transformaci\u00f3n de alimentos como la yuca y la ahuyama, que aumentar\u00e1n la competitividad de los campesinos.<\/p>\n\n\n\n<p>Adem\u00e1s, un programa de intercambio internacional permitir\u00e1 a pescadores viajar a M\u00e9xico para adquirir nuevas t\u00e9cnicas y mejorar sus capacidades. En abril, se realizar\u00e1 el&nbsp;<strong>Encuentro Nacional de Acuicultores,&nbsp;<\/strong>un evento dise\u00f1ado para fomentar la colaboraci\u00f3n en el sector pesquero.<\/p>\n\n\n\n<h4>Inversi\u00f3n en agua y recuperaci\u00f3n ambiental<\/h4>\n\n\n\n<p>El plan incluye la construcci\u00f3n de pozos profundos para mejorar el acceso al agua y la&nbsp;<strong>recuperaci\u00f3n de cuerpos de agua en Sabanagrande, Santo Tom\u00e1s y Palmar,&nbsp;<\/strong>con el objetivo de generar proyectos productivos sostenibles que beneficien a las comunidades.<\/p>\n\n\n\n<p>La ADR tambi\u00e9n garantizar\u00e1 apoyo t\u00e9cnico y financiero para la formulaci\u00f3n de proyectos estrat\u00e9gicos, reafirmando el compromiso del Gobierno de presidente Gustavo Petro con la transformaci\u00f3n del campo en el Atl\u00e1ntico.<\/p>\n","protected":false},"excerpt":{"rendered":"<p>El Gobierno Nacional, a trav\u00e9s de la Agencia de Desarrollo Rural (ADR),\u00a0present\u00f3 un paquete de&#8230;<\/p>\n","protected":false},"author":3,"featured_media":6010,"comment_status":"open","ping_status":"open","sticky":false,"template":"","format":"standard","meta":{"_monsterinsights_skip_tracking":false,"_monsterinsights_sitenote_active":false,"_monsterinsights_sitenote_note":"","_monsterinsights_sitenote_category":0},"categories":[6],"tags":[],"yoast_head":"<!-- This site is optimized with the Yoast SEO plugin v19.10 - https:\/\/yoast.com\/wordpress\/plugins\/seo\/ -->\n<title>Gobierno anuncia medidas para modernizar el agro del Atl\u00e1ntico<\/title>\n<meta name=\"description\" content=\"El Gobierno, a trav\u00e9s de ADR,\u00a0present\u00f3 un paquete de medidas clave para\u00a0potenciar el desarrollo rural en el departamento del Atl\u00e1ntico.\u00a0\" \/>\n<meta name=\"robots\" content=\"index, follow, max-snippet:-1, max-image-preview:large, max-video-preview:-1\" \/>\n<link rel=\"canonical\" href=\"https:\/\/zonaoriental.com.co\/index.php\/2025\/01\/23\/gobierno-nacional-anuncia-medidas-para-modernizar-el-agro-del-atlantico\/\" \/>\n<meta property=\"og:locale\" content=\"es_ES\" \/>\n<meta property=\"og:type\" content=\"article\" \/>\n<meta property=\"og:title\" content=\"Gobierno anuncia medidas para modernizar el agro del Atl\u00e1ntico\" \/>\n<meta property=\"og:description\" content=\"El Gobierno, a trav\u00e9s de ADR,\u00a0present\u00f3 un paquete de medidas clave para\u00a0potenciar el desarrollo rural en el departamento del Atl\u00e1ntico.\u00a0\" \/>\n<meta property=\"og:url\" content=\"https:\/\/zonaoriental.com.co\/index.php\/2025\/01\/23\/gobierno-nacional-anuncia-medidas-para-modernizar-el-agro-del-atlantico\/\" \/>\n<meta property=\"og:site_name\" content=\"Zona Oriental\" \/>\n<meta property=\"article:published_time\" content=\"2025-01-23T22:18:42+00:00\" \/>\n<meta property=\"article:modified_time\" content=\"2025-01-23T22:18:43+00:00\" \/>\n<meta property=\"og:image\" content=\"http:\/\/zonaoriental.com.co\/wp-content\/uploads\/2025\/01\/Marco-para-fotos-WEB-EL-NORTE-2025-01-23T171633.978.jpg\" \/>\n\t<meta property=\"og:image:width\" content=\"630\" \/>\n\t<meta property=\"og:image:height\" content=\"360\" \/>\n\t<meta property=\"og:image:type\" content=\"image\/jpeg\" \/>\n<meta name=\"author\" content=\"Redactor\" \/>\n<meta name=\"twitter:card\" content=\"summary_large_image\" \/>\n<meta name=\"twitter:label1\" content=\"Escrito por\" \/>\n\t<meta name=\"twitter:data1\" content=\"Redactor\" \/>\n\t<meta name=\"twitter:label2\" content=\"Tiempo estimado de lectura\" \/>\n\t<meta name=\"twitter:data2\" content=\"2 minutos\" \/>\n<script type=\"application\/ld+json\" class=\"yoast-schema-graph\">{\"@context\":\"https:\/\/schema.org\",\"@graph\":[{\"@type\":\"Article\",\"@id\":\"https:\/\/zonaoriental.com.co\/index.php\/2025\/01\/23\/gobierno-nacional-anuncia-medidas-para-modernizar-el-agro-del-atlantico\/#article\",\"isPartOf\":{\"@id\":\"https:\/\/zonaoriental.com.co\/index.php\/2025\/01\/23\/gobierno-nacional-anuncia-medidas-para-modernizar-el-agro-del-atlantico\/\"},\"author\":{\"name\":\"Redactor\",\"@id\":\"https:\/\/zonaoriental.com.co\/#\/schema\/person\/bc02dccb674ad7b51806fd5ba3efa662\"},\"headline\":\"Gobierno Nacional anuncia medidas para modernizar el agro del Atl\u00e1ntico\",\"datePublished\":\"2025-01-23T22:18:42+00:00\",\"dateModified\":\"2025-01-23T22:18:43+00:00\",\"mainEntityOfPage\":{\"@id\":\"https:\/\/zonaoriental.com.co\/index.php\/2025\/01\/23\/gobierno-nacional-anuncia-medidas-para-modernizar-el-agro-del-atlantico\/\"},\"wordCount\":411,\"commentCount\":0,\"publisher\":{\"@id\":\"https:\/\/zonaoriental.com.co\/#organization\"},\"articleSection\":[\"Departamento\"],\"inLanguage\":\"es-CO\",\"potentialAction\":[{\"@type\":\"CommentAction\",\"name\":\"Comment\",\"target\":[\"https:\/\/zonaoriental.com.co\/index.php\/2025\/01\/23\/gobierno-nacional-anuncia-medidas-para-modernizar-el-agro-del-atlantico\/#respond\"]}]},{\"@type\":\"WebPage\",\"@id\":\"https:\/\/zonaoriental.com.co\/index.php\/2025\/01\/23\/gobierno-nacional-anuncia-medidas-para-modernizar-el-agro-del-atlantico\/\",\"url\":\"https:\/\/zonaoriental.com.co\/index.php\/2025\/01\/23\/gobierno-nacional-anuncia-medidas-para-modernizar-el-agro-del-atlantico\/\",\"name\":\"Gobierno anuncia medidas para modernizar el agro del Atl\u00e1ntico\",\"isPartOf\":{\"@id\":\"https:\/\/zonaoriental.com.co\/#website\"},\"datePublished\":\"2025-01-23T22:18:42+00:00\",\"dateModified\":\"2025-01-23T22:18:43+00:00\",\"description\":\"El Gobierno, a trav\u00e9s de ADR,\u00a0present\u00f3 un paquete de medidas clave para\u00a0potenciar el desarrollo rural en el departamento del Atl\u00e1ntico.\u00a0\",\"breadcrumb\":{\"@id\":\"https:\/\/zonaoriental.com.co\/index.php\/2025\/01\/23\/gobierno-nacional-anuncia-medidas-para-modernizar-el-agro-del-atlantico\/#breadcrumb\"},\"inLanguage\":\"es-CO\",\"potentialAction\":[{\"@type\":\"ReadAction\",\"target\":[\"https:\/\/zonaoriental.com.co\/index.php\/2025\/01\/23\/gobierno-nacional-anuncia-medidas-para-modernizar-el-agro-del-atlantico\/\"]}]},{\"@type\":\"BreadcrumbList\",\"@id\":\"https:\/\/zonaoriental.com.co\/index.php\/2025\/01\/23\/gobierno-nacional-anuncia-medidas-para-modernizar-el-agro-del-atlantico\/#breadcrumb\",\"itemListElement\":[{\"@type\":\"ListItem\",\"position\":1,\"name\":\"Inicio\",\"item\":\"https:\/\/zonaoriental.com.co\/\"},{\"@type\":\"ListItem\",\"position\":2,\"name\":\"Gobierno Nacional anuncia medidas para modernizar el agro del Atl\u00e1ntico\"}]},{\"@type\":\"WebSite\",\"@id\":\"https:\/\/zonaoriental.com.co\/#website\",\"url\":\"https:\/\/zonaoriental.com.co\/\",\"name\":\"Zona Oriental\",\"description\":\"\",\"publisher\":{\"@id\":\"https:\/\/zonaoriental.com.co\/#organization\"},\"potentialAction\":[{\"@type\":\"SearchAction\",\"target\":{\"@type\":\"EntryPoint\",\"urlTemplate\":\"https:\/\/zonaoriental.com.co\/?s={search_term_string}\"},\"query-input\":\"required name=search_term_string\"}],\"inLanguage\":\"es-CO\"},{\"@type\":\"Organization\",\"@id\":\"https:\/\/zonaoriental.com.co\/#organization\",\"name\":\"Zona Oriental\",\"url\":\"https:\/\/zonaoriental.com.co\/\",\"logo\":{\"@type\":\"ImageObject\",\"inLanguage\":\"es-CO\",\"@id\":\"https:\/\/zonaoriental.com.co\/#\/schema\/logo\/image\/\",\"url\":\"https:\/\/zonaoriental.com.co\/wp-content\/uploads\/2022\/02\/cropped-Cabe_zona_oriental.png\",\"contentUrl\":\"https:\/\/zonaoriental.com.co\/wp-content\/uploads\/2022\/02\/cropped-Cabe_zona_oriental.png\",\"width\":415,\"height\":88,\"caption\":\"Zona Oriental\"},\"image\":{\"@id\":\"https:\/\/zonaoriental.com.co\/#\/schema\/logo\/image\/\"}},{\"@type\":\"Person\",\"@id\":\"https:\/\/zonaoriental.com.co\/#\/schema\/person\/bc02dccb674ad7b51806fd5ba3efa662\",\"name\":\"Redactor\",\"image\":{\"@type\":\"ImageObject\",\"inLanguage\":\"es-CO\",\"@id\":\"https:\/\/zonaoriental.com.co\/#\/schema\/person\/image\/\",\"url\":\"https:\/\/secure.gravatar.com\/avatar\/f8d82a038d5cc525903008208102865a?s=96&d=mm&r=g\",\"contentUrl\":\"https:\/\/secure.gravatar.com\/avatar\/f8d82a038d5cc525903008208102865a?s=96&d=mm&r=g\",\"caption\":\"Redactor\"},\"url\":\"https:\/\/zonaoriental.com.co\/index.php\/author\/redactor\/\"}]}<\/script>\n<!-- \/ Yoast SEO plugin. -->","yoast_head_json":{"title":"Gobierno anuncia medidas para modernizar el agro del Atl\u00e1ntico","description":"El Gobierno, a trav\u00e9s de ADR,\u00a0present\u00f3 un paquete de medidas clave para\u00a0potenciar el desarrollo rural en el departamento del Atl\u00e1ntico.\u00a0","robots":{"index":"index","follow":"follow","max-snippet":"max-snippet:-1","max-image-preview":"max-image-preview:large","max-video-preview":"max-video-preview:-1"},"canonical":"https:\/\/zonaoriental.com.co\/index.php\/2025\/01\/23\/gobierno-nacional-anuncia-medidas-para-modernizar-el-agro-del-atlantico\/","og_locale":"es_ES","og_type":"article","og_title":"Gobierno anuncia medidas para modernizar el agro del Atl\u00e1ntico","og_description":"El Gobierno, a trav\u00e9s de ADR,\u00a0present\u00f3 un paquete de medidas clave para\u00a0potenciar el desarrollo rural en el departamento del Atl\u00e1ntico.\u00a0","og_url":"https:\/\/zonaoriental.com.co\/index.php\/2025\/01\/23\/gobierno-nacional-anuncia-medidas-para-modernizar-el-agro-del-atlantico\/","og_site_name":"Zona Oriental","article_published_time":"2025-01-23T22:18:42+00:00","article_modified_time":"2025-01-23T22:18:43+00:00","og_image":[{"width":630,"height":360,"url":"http:\/\/zonaoriental.com.co\/wp-content\/uploads\/2025\/01\/Marco-para-fotos-WEB-EL-NORTE-2025-01-23T171633.978.jpg","type":"image\/jpeg"}],"author":"Redactor","twitter_card":"summary_large_image","twitter_misc":{"Escrito por":"Redactor","Tiempo estimado de lectura":"2 minutos"},"schema":{"@context":"https:\/\/schema.org","@graph":[{"@type":"Article","@id":"https:\/\/zonaoriental.com.co\/index.php\/2025\/01\/23\/gobierno-nacional-anuncia-medidas-para-modernizar-el-agro-del-atlantico\/#article","isPartOf":{"@id":"https:\/\/zonaoriental.com.co\/index.php\/2025\/01\/23\/gobierno-nacional-anuncia-medidas-para-modernizar-el-agro-del-atlantico\/"},"author":{"name":"Redactor","@id":"https:\/\/zonaoriental.com.co\/#\/schema\/person\/bc02dccb674ad7b51806fd5ba3efa662"},"headline":"Gobierno Nacional anuncia medidas para modernizar el agro del Atl\u00e1ntico","datePublished":"2025-01-23T22:18:42+00:00","dateModified":"2025-01-23T22:18:43+00:00","mainEntityOfPage":{"@id":"https:\/\/zonaoriental.com.co\/index.php\/2025\/01\/23\/gobierno-nacional-anuncia-medidas-para-modernizar-el-agro-del-atlantico\/"},"wordCount":411,"commentCount":0,"publisher":{"@id":"https:\/\/zonaoriental.com.co\/#organization"},"articleSection":["Departamento"],"inLanguage":"es-CO","potentialAction":[{"@type":"CommentAction","name":"Comment","target":["https:\/\/zonaoriental.com.co\/index.php\/2025\/01\/23\/gobierno-nacional-anuncia-medidas-para-modernizar-el-agro-del-atlantico\/#respond"]}]},{"@type":"WebPage","@id":"https:\/\/zonaoriental.com.co\/index.php\/2025\/01\/23\/gobierno-nacional-anuncia-medidas-para-modernizar-el-agro-del-atlantico\/","url":"https:\/\/zonaoriental.com.co\/index.php\/2025\/01\/23\/gobierno-nacional-anuncia-medidas-para-modernizar-el-agro-del-atlantico\/","name":"Gobierno anuncia medidas para modernizar el agro del Atl\u00e1ntico","isPartOf":{"@id":"https:\/\/zonaoriental.com.co\/#website"},"datePublished":"2025-01-23T22:18:42+00:00","dateModified":"2025-01-23T22:18:43+00:00","description":"El Gobierno, a trav\u00e9s de ADR,\u00a0present\u00f3 un paquete de medidas clave para\u00a0potenciar el desarrollo rural en el departamento del Atl\u00e1ntico.\u00a0","breadcrumb":{"@id":"https:\/\/zonaoriental.com.co\/index.php\/2025\/01\/23\/gobierno-nacional-anuncia-medidas-para-modernizar-el-agro-del-atlantico\/#breadcrumb"},"inLanguage":"es-CO","potentialAction":[{"@type":"ReadAction","target":["https:\/\/zonaoriental.com.co\/index.php\/2025\/01\/23\/gobierno-nacional-anuncia-medidas-para-modernizar-el-agro-del-atlantico\/"]}]},{"@type":"BreadcrumbList","@id":"https:\/\/zonaoriental.com.co\/index.php\/2025\/01\/23\/gobierno-nacional-anuncia-medidas-para-modernizar-el-agro-del-atlantico\/#breadcrumb","itemListElement":[{"@type":"ListItem","position":1,"name":"Inicio","item":"https:\/\/zonaoriental.com.co\/"},{"@type":"ListItem","position":2,"name":"Gobierno Nacional anuncia medidas para modernizar el agro del Atl\u00e1ntico"}]},{"@type":"WebSite","@id":"https:\/\/zonaoriental.com.co\/#website","url":"https:\/\/zonaoriental.com.co\/","name":"Zona Oriental","description":"","publisher":{"@id":"https:\/\/zonaoriental.com.co\/#organization"},"potentialAction":[{"@type":"SearchAction","target":{"@type":"EntryPoint","urlTemplate":"https:\/\/zonaoriental.com.co\/?s={search_term_string}"},"query-input":"required name=search_term_string"}],"inLanguage":"es-CO"},{"@type":"Organization","@id":"https:\/\/zonaoriental.com.co\/#organization","name":"Zona Oriental","url":"https:\/\/zonaoriental.com.co\/","logo":{"@type":"ImageObject","inLanguage":"es-CO","@id":"https:\/\/zonaoriental.com.co\/#\/schema\/logo\/image\/","url":"https:\/\/zonaoriental.com.co\/wp-content\/uploads\/2022\/02\/cropped-Cabe_zona_oriental.png","contentUrl":"https:\/\/zonaoriental.com.co\/wp-content\/uploads\/2022\/02\/cropped-Cabe_zona_oriental.png","width":415,"height":88,"caption":"Zona Oriental"},"image":{"@id":"https:\/\/zonaoriental.com.co\/#\/schema\/logo\/image\/"}},{"@type":"Person","@id":"https:\/\/zonaoriental.com.co\/#\/schema\/person\/bc02dccb674ad7b51806fd5ba3efa662","name":"Redactor","image":{"@type":"ImageObject","inLanguage":"es-CO","@id":"https:\/\/zonaoriental.com.co\/#\/schema\/person\/image\/","url":"https:\/\/secure.gravatar.com\/avatar\/f8d82a038d5cc525903008208102865a?s=96&d=mm&r=g","contentUrl":"https:\/\/secure.gravatar.com\/avatar\/f8d82a038d5cc525903008208102865a?s=96&d=mm&r=g","caption":"Redactor"},"url":"https:\/\/zonaoriental.com.co\/index.php\/author\/redactor\/"}]}},"_links":{"self":[{"href":"https:\/\/zonaoriental.com.co\/index.php\/wp-json\/wp\/v2\/posts\/6009"}],"collection":[{"href":"https:\/\/zonaoriental.com.co\/index.php\/wp-json\/wp\/v2\/posts"}],"about":[{"href":"https:\/\/zonaoriental.com.co\/index.php\/wp-json\/wp\/v2\/types\/post"}],"author":[{"embeddable":true,"href":"https:\/\/zonaoriental.com.co\/index.php\/wp-json\/wp\/v2\/users\/3"}],"replies":[{"embeddable":true,"href":"https:\/\/zonaoriental.com.co\/index.php\/wp-json\/wp\/v2\/comments?post=6009"}],"version-history":[{"count":0,"href":"https:\/\/zonaoriental.com.co\/index.php\/wp-json\/wp\/v2\/posts\/6009\/revisions"}],"wp:featuredmedia":[{"embeddable":true,"href":"https:\/\/zonaoriental.com.co\/index.php\/wp-json\/wp\/v2\/media\/6010"}],"wp:attachment":[{"href":"https:\/\/zonaoriental.com.co\/index.php\/wp-json\/wp\/v2\/media?parent=6009"}],"wp:term":[{"taxonomy":"category","embeddable":true,"href":"https:\/\/zonaoriental.com.co\/index.php\/wp-json\/wp\/v2\/categories?post=6009"},{"taxonomy":"post_tag","embeddable":true,"href":"https:\/\/zonaoriental.com.co\/index.php\/wp-json\/wp\/v2\/tags?post=6009"}],"curies":[{"name":"wp","href":"https:\/\/api.w.org\/{rel}","templated":true}]}}